{"id":15693,"date":"2022-08-11T14:00:06","date_gmt":"2022-08-11T12:00:06","guid":{"rendered":"https:\/\/www.daxium.com\/blog\/daxium-rejoint-visiativ-un-groupe-au-coeur-de-la-transformation-numerique\/"},"modified":"2024-06-18T11:49:58","modified_gmt":"2024-06-18T09:49:58","slug":"daxium-rejoint-visiativ-un-groupe-au-coeur-de-la-transformation-numerique","status":"publish","type":"post","link":"https:\/\/www.daxium.com\/es\/blog\/daxium-rejoint-visiativ-un-groupe-au-coeur-de-la-transformation-numerique\/","title":{"rendered":"Daxium se une a la din\u00e1mica Visiativ. Un grupo en el centro de la transformaci\u00f3n digital de las empresas."},"content":{"rendered":"<p>[et_pb_section fb_built=\u00bb1&#8243; _builder_version=\u00bb4.14.2&#8243; _module_preset=\u00bb9dae0b69-945c-486c-b421-0709b7972398&#8243; global_colors_info=\u00bb{}\u00bb theme_builder_area=\u00bbpost_content\u00bb][et_pb_row column_structure=\u00bb3_5,2_5&#8243; _builder_version=\u00bb4.14.2&#8243; _module_preset=\u00bbc45905ba-3491-462c-99da-b71f864a6545&#8243; global_colors_info=\u00bb{}\u00bb theme_builder_area=\u00bbpost_content\u00bb][et_pb_column type=\u00bb3_5&#8243; _builder_version=\u00bb3.25&#8243; custom_padding=\u00bb|||\u00bb global_colors_info=\u00bb{}\u00bb custom_padding__hover=\u00bb|||\u00bb theme_builder_area=\u00bbpost_content\u00bb][et_pb_text _builder_version=\u00bb4.14.2&#8243; _module_preset=\u00bb776e53a1-c9d9-45f7-92d3-24f7c47baf39&#8243; header_2_font_size=\u00bb30px\u00bb background_size=\u00bbinitial\u00bb background_position=\u00bbtop_left\u00bb background_repeat=\u00bbrepeat\u00bb text_orientation=\u00bbleft\u00bb global_colors_info=\u00bb{}\u00bb theme_builder_area=\u00bbpost_content\u00bb]<\/p>\n<h2>Daxium se une al ecosistema digital Visiativ.<\/h2>\n<p>[\/et_pb_text][\/et_pb_column][et_pb_column type=\u00bb2_5&#8243; _builder_version=\u00bb3.25&#8243; custom_padding=\u00bb|||\u00bb global_colors_info=\u00bb{}\u00bb custom_padding__hover=\u00bb|||\u00bb theme_builder_area=\u00bbpost_content\u00bb][et_pb_image src=\u00bbhttps:\/\/www.daxium.com\/wp-content\/uploads\/2023\/02\/Daxium-rejoint-visiativ-1-e1676038303339.jpg\u00bb alt=\u00bbDaxium se une al Grupo Visiativ\u00bb title_text=\u00bbDaxium se une al Grupo Visiativ\u00bb _builder_version=\u00bb4.14.2&#8243; _module_preset=\u00bbb3056844-7a37-404d-96d6-e892fee32a2e\u00bb hover_enabled=\u00bb0&#8243; global_colors_info=\u00bb{}\u00bb theme_builder_area=\u00bbpost_content\u00bb sticky_enabled=\u00bb0&#8243;][\/et_pb_image][\/et_pb_column][\/et_pb_row][et_pb_row _builder_version=\u00bb4.14.2&#8243; _module_preset=\u00bb6970d2f4-d2f9-4b6a-a858-51b9ea209815&#8243; global_colors_info=\u00bb{}\u00bb theme_builder_area=\u00bbpost_content\u00bb][et_pb_column type=\u00bb4_4&#8243; _builder_version=\u00bb3.25&#8243; custom_padding=\u00bb|||\u00bb global_colors_info=\u00bb{}\u00bb custom_padding__hover=\u00bb|||\u00bb theme_builder_area=\u00bbpost_content\u00bb][et_pb_text _builder_version=\u00bb4.14.2&#8243; _module_preset=\u00bb776e53a1-c9d9-45f7-92d3-24f7c47baf39&#8243; header_2_font_size=\u00bb30px\u00bb background_size=\u00bbinitial\u00bb background_position=\u00bbtop_left\u00bb background_repeat=\u00bbrepeat\u00bb text_orientation=\u00bbleft\u00bb custom_padding=\u00bb50px||0px||false|false\u00bb global_colors_info=\u00bb{}\u00bb theme_builder_area=\u00bbpost_content\u00bb]<strong>Daxium ha anunciado que se une al Grupo Visiativ<\/strong>. La fusi\u00f3n supone la adquisici\u00f3n por Visiativ de una participaci\u00f3n del 68% en Daxium, editor de la plataforma de software Daxium-Air. Esta plataforma SaaS facilita la creaci\u00f3n de <strong>aplicaciones empresariales m\u00f3viles personalizables<\/strong> y adaptadas a las necesidades de los equipos m\u00f3viles.<\/p>\n<p>Gracias a esta adquisici\u00f3n, <strong>Visiativ refuerza su propuesta de valor como acelerador de la innovaci\u00f3n y la transformaci\u00f3n digital para PYME y PYMES<\/strong>. Las soluciones de Daxium formar\u00e1n parte integrante de la Plataforma de Innovaci\u00f3n Visiativ, que transformar\u00e1 los procesos empresariales en aplicaciones m\u00f3viles. Adem\u00e1s de ampliar la oferta actual de Visiativ, la plataforma sin c\u00f3digo Daxium-Air se a\u00f1adir\u00e1 a medio plazo a la plataforma tecnol\u00f3gica Visiativ Agora, lo que permitir\u00e1 a los clientes de Visiativ generar sus propias aplicaciones empresariales m\u00f3viles.[\/et_pb_text][et_pb_text _builder_version=\u00bb4.14.2&#8243; _module_preset=\u00bb776e53a1-c9d9-45f7-92d3-24f7c47baf39&#8243; header_2_font_size=\u00bb30px\u00bb background_size=\u00bbinitial\u00bb background_position=\u00bbtop_left\u00bb background_repeat=\u00bbrepeat\u00bb text_orientation=\u00bbleft\u00bb custom_padding=\u00bb50px||0px||false|false\u00bb global_colors_info=\u00bb{}\u00bb theme_builder_area=\u00bbpost_content\u00bb]<\/p>\n<h2>Impulsar la innovaci\u00f3n en Daxium-Air.<\/h2>\n<p>La incorporaci\u00f3n a Visiativ representa para <strong>Daxium<\/strong> la oportunidad <strong>de acelerar su crecimiento en Francia y en el extranjero<\/strong>. Daxium se beneficiar\u00e1 de nuevos recursos y nuevas tecnolog\u00edas al unirse al ecosistema Visiativ, l\u00edder en transformaci\u00f3n digital, social y medioambiental para PYMEs y PYMES. La soluci\u00f3n sin c\u00f3digo de Daxium-Air, que ya est\u00e1 presente en m\u00e1s de 60 pa\u00edses, estar\u00e1 disponible en mercados en los que antes no se prestaba servicio, gracias a la extensa red del grupo y a sus 21.000 clientes.<\/p>\n<p>Esta nueva empresa permitir\u00e1 a Daxium seguir estando tan <strong>cerca<\/strong> como siempre <strong>de sus clientes<\/strong>, innovar y satisfacer las necesidades de sus usuarios creando aplicaciones m\u00f3viles en un tiempo r\u00e9cord para los equipos sobre el terreno.[\/et_pb_text][\/et_pb_column][\/et_pb_row][et_pb_row _builder_version=\u00bb4.14.2&#8243; _module_preset=\u00bbf182d9c1-c20a-4aeb-8c8c-12eec63bdd10&#8243; global_colors_info=\u00bb{}\u00bb theme_builder_area=\u00bbpost_content\u00bb][et_pb_column type=\u00bb4_4&#8243; _builder_version=\u00bb4.14.2&#8243; _module_preset=\u00bbdefault\u00bb global_colors_info=\u00bb{}\u00bb theme_builder_area=\u00bbpost_content\u00bb][et_pb_button button_url=\u00bbhttps:\/\/www.daxium.com\/wp-content\/uploads\/2023\/02\/Daxium-Visiativ-Communique-de-presse-2022-07-25-FR.pdf\u00bb url_new_window=\u00bbon\u00bb button_text=\u00bbDescargar el comunicado de prensa\u00bb button_alignment=\u00bbcenter\u00bb admin_label=\u00bbBouton\u00bb module_class=\u00bbo-button-knowmore\u00bb _builder_version=\u00bb4.14.2&#8243; _module_preset=\u00bbdefault\u00bb custom_button=\u00bbon\u00bb button_text_size=\u00bb14px\u00bb button_border_width=\u00bb1px\u00bb button_border_radius=\u00bb50px\u00bb button_font=\u00bb|600|||||||\u00bb button_icon=\u00bb&#x24;||divi||400&#8243; button_on_hover=\u00bboff\u00bb custom_margin=\u00bb20px||||false|false\u00bb custom_padding=\u00bb||||false|false\u00bb global_module=\u00bb3447&#8243; saved_tabs=\u00bball\u00bb locked=\u00bboff\u00bb global_colors_info=\u00bb{}\u00bb theme_builder_area=\u00bbpost_content\u00bb][\/et_pb_button][\/et_pb_column][\/et_pb_row][\/et_pb_section]<\/p>\n","protected":false},"excerpt":{"rendered":"<p>Daxium se une al ecosistema digital Visiativ.Daxium ha anunciado que se une al Grupo Visiativ. La fusi\u00f3n supone la adquisici\u00f3n por Visiativ de una participaci\u00f3n del 68% en Daxium, editor de la plataforma de software Daxium-Air. Esta plataforma SaaS facilita la creaci\u00f3n de aplicaciones empresariales m\u00f3viles personalizables y adaptadas a las necesidades de los equipos [&hellip;]<\/p>\n","protected":false},"author":4,"featured_media":8990,"comment_status":"closed","ping_status":"closed","sticky":false,"template":"","format":"standard","meta":{"_et_pb_use_builder":"on","_et_pb_old_content":"","_et_gb_content_width":"","inline_featured_image":false,"footnotes":""},"categories":[176],"tags":[],"class_list":["post-15693","post","type-post","status-publish","format-standard","has-post-thumbnail","hentry","category-actualites-es"],"yoast_head":"<!-- This site is optimized with the Yoast SEO plugin v27.4 - https:\/\/yoast.com\/product\/yoast-seo-wordpress\/ -->\n<title>Daxium se une a Visiativ, l\u00edder en transformaci\u00f3n digital.<\/title>\n<meta name=\"description\" content=\"Daxium ha anunciado que se une al Grupo Visiativ. Esto representa una oportunidad para que Daxium acelere su crecimiento en Francia y en el extranjero.\" \/>\n<meta name=\"robots\" content=\"index, follow, max-snippet:-1, max-image-preview:large, max-video-preview:-1\" \/>\n<link rel=\"canonical\" href=\"https:\/\/www.daxium.com\/es\/blog\/daxium-rejoint-visiativ-un-groupe-au-coeur-de-la-transformation-numerique\/\" \/>\n<meta property=\"og:locale\" content=\"es_ES\" \/>\n<meta property=\"og:type\" content=\"article\" \/>\n<meta property=\"og:title\" content=\"Daxium se une a Visiativ, l\u00edder en transformaci\u00f3n digital.\" \/>\n<meta property=\"og:description\" content=\"Daxium ha anunciado que se une al Grupo Visiativ. Esto representa una oportunidad para que Daxium acelere su crecimiento en Francia y en el extranjero.\" \/>\n<meta property=\"og:url\" content=\"https:\/\/www.daxium.com\/es\/blog\/daxium-rejoint-visiativ-un-groupe-au-coeur-de-la-transformation-numerique\/\" \/>\n<meta property=\"og:site_name\" content=\"Daxium\" \/>\n<meta property=\"article:published_time\" content=\"2022-08-11T12:00:06+00:00\" \/>\n<meta property=\"article:modified_time\" content=\"2024-06-18T09:49:58+00:00\" \/>\n<meta property=\"og:image\" content=\"https:\/\/www.daxium.com\/wp-content\/uploads\/2023\/02\/Daxium-rejoint-visiativ-1-e1676038303339.jpg\" \/>\n\t<meta property=\"og:image:width\" content=\"800\" \/>\n\t<meta property=\"og:image:height\" content=\"510\" \/>\n\t<meta property=\"og:image:type\" content=\"image\/jpeg\" \/>\n<meta name=\"author\" content=\"Ana\u00efs Bruno\" \/>\n<meta name=\"twitter:card\" content=\"summary_large_image\" \/>\n<meta name=\"twitter:label1\" content=\"Escrito por\" \/>\n\t<meta name=\"twitter:data1\" content=\"Ana\u00efs Bruno\" \/>\n\t<meta name=\"twitter:label2\" content=\"Tiempo de lectura\" \/>\n\t<meta name=\"twitter:data2\" content=\"4 minutos\" \/>\n<script type=\"application\/ld+json\" class=\"yoast-schema-graph\">{\"@context\":\"https:\\\/\\\/schema.org\",\"@graph\":[{\"@type\":\"Article\",\"@id\":\"https:\\\/\\\/www.daxium.com\\\/es\\\/blog\\\/daxium-rejoint-visiativ-un-groupe-au-coeur-de-la-transformation-numerique\\\/#article\",\"isPartOf\":{\"@id\":\"https:\\\/\\\/www.daxium.com\\\/es\\\/blog\\\/daxium-rejoint-visiativ-un-groupe-au-coeur-de-la-transformation-numerique\\\/\"},\"author\":{\"name\":\"Ana\u00efs Bruno\",\"@id\":\"https:\\\/\\\/www.daxium.com\\\/es\\\/#\\\/schema\\\/person\\\/f66667af3e5a3a88ff53de0c85c4b3e8\"},\"headline\":\"Daxium se une a la din\u00e1mica Visiativ. Un grupo en el centro de la transformaci\u00f3n digital de las empresas.\",\"datePublished\":\"2022-08-11T12:00:06+00:00\",\"dateModified\":\"2024-06-18T09:49:58+00:00\",\"mainEntityOfPage\":{\"@id\":\"https:\\\/\\\/www.daxium.com\\\/es\\\/blog\\\/daxium-rejoint-visiativ-un-groupe-au-coeur-de-la-transformation-numerique\\\/\"},\"wordCount\":808,\"image\":{\"@id\":\"https:\\\/\\\/www.daxium.com\\\/es\\\/blog\\\/daxium-rejoint-visiativ-un-groupe-au-coeur-de-la-transformation-numerique\\\/#primaryimage\"},\"thumbnailUrl\":\"https:\\\/\\\/www.daxium.com\\\/wp-content\\\/uploads\\\/2023\\\/02\\\/Daxium-rejoint-visiativ-1-e1676038303339.jpg\",\"articleSection\":[\"Actualit\u00e9s\"],\"inLanguage\":\"es\"},{\"@type\":\"WebPage\",\"@id\":\"https:\\\/\\\/www.daxium.com\\\/es\\\/blog\\\/daxium-rejoint-visiativ-un-groupe-au-coeur-de-la-transformation-numerique\\\/\",\"url\":\"https:\\\/\\\/www.daxium.com\\\/es\\\/blog\\\/daxium-rejoint-visiativ-un-groupe-au-coeur-de-la-transformation-numerique\\\/\",\"name\":\"Daxium se une a Visiativ, l\u00edder en transformaci\u00f3n digital.\",\"isPartOf\":{\"@id\":\"https:\\\/\\\/www.daxium.com\\\/es\\\/#website\"},\"primaryImageOfPage\":{\"@id\":\"https:\\\/\\\/www.daxium.com\\\/es\\\/blog\\\/daxium-rejoint-visiativ-un-groupe-au-coeur-de-la-transformation-numerique\\\/#primaryimage\"},\"image\":{\"@id\":\"https:\\\/\\\/www.daxium.com\\\/es\\\/blog\\\/daxium-rejoint-visiativ-un-groupe-au-coeur-de-la-transformation-numerique\\\/#primaryimage\"},\"thumbnailUrl\":\"https:\\\/\\\/www.daxium.com\\\/wp-content\\\/uploads\\\/2023\\\/02\\\/Daxium-rejoint-visiativ-1-e1676038303339.jpg\",\"datePublished\":\"2022-08-11T12:00:06+00:00\",\"dateModified\":\"2024-06-18T09:49:58+00:00\",\"author\":{\"@id\":\"https:\\\/\\\/www.daxium.com\\\/es\\\/#\\\/schema\\\/person\\\/f66667af3e5a3a88ff53de0c85c4b3e8\"},\"description\":\"Daxium ha anunciado que se une al Grupo Visiativ. Esto representa una oportunidad para que Daxium acelere su crecimiento en Francia y en el extranjero.\",\"breadcrumb\":{\"@id\":\"https:\\\/\\\/www.daxium.com\\\/es\\\/blog\\\/daxium-rejoint-visiativ-un-groupe-au-coeur-de-la-transformation-numerique\\\/#breadcrumb\"},\"inLanguage\":\"es\",\"potentialAction\":[{\"@type\":\"ReadAction\",\"target\":[\"https:\\\/\\\/www.daxium.com\\\/es\\\/blog\\\/daxium-rejoint-visiativ-un-groupe-au-coeur-de-la-transformation-numerique\\\/\"]}]},{\"@type\":\"ImageObject\",\"inLanguage\":\"es\",\"@id\":\"https:\\\/\\\/www.daxium.com\\\/es\\\/blog\\\/daxium-rejoint-visiativ-un-groupe-au-coeur-de-la-transformation-numerique\\\/#primaryimage\",\"url\":\"https:\\\/\\\/www.daxium.com\\\/wp-content\\\/uploads\\\/2023\\\/02\\\/Daxium-rejoint-visiativ-1-e1676038303339.jpg\",\"contentUrl\":\"https:\\\/\\\/www.daxium.com\\\/wp-content\\\/uploads\\\/2023\\\/02\\\/Daxium-rejoint-visiativ-1-e1676038303339.jpg\",\"width\":800,\"height\":510},{\"@type\":\"BreadcrumbList\",\"@id\":\"https:\\\/\\\/www.daxium.com\\\/es\\\/blog\\\/daxium-rejoint-visiativ-un-groupe-au-coeur-de-la-transformation-numerique\\\/#breadcrumb\",\"itemListElement\":[{\"@type\":\"ListItem\",\"position\":1,\"name\":\"Accueil\",\"item\":\"https:\\\/\\\/www.daxium.com\\\/es\\\/\"},{\"@type\":\"ListItem\",\"position\":2,\"name\":\"Daxium se une a la din\u00e1mica Visiativ. Un grupo en el centro de la transformaci\u00f3n digital de las empresas.\"}]},{\"@type\":\"WebSite\",\"@id\":\"https:\\\/\\\/www.daxium.com\\\/es\\\/#website\",\"url\":\"https:\\\/\\\/www.daxium.com\\\/es\\\/\",\"name\":\"Daxium\",\"description\":\"\",\"potentialAction\":[{\"@type\":\"SearchAction\",\"target\":{\"@type\":\"EntryPoint\",\"urlTemplate\":\"https:\\\/\\\/www.daxium.com\\\/es\\\/?s={search_term_string}\"},\"query-input\":{\"@type\":\"PropertyValueSpecification\",\"valueRequired\":true,\"valueName\":\"search_term_string\"}}],\"inLanguage\":\"es\"},{\"@type\":\"Person\",\"@id\":\"https:\\\/\\\/www.daxium.com\\\/es\\\/#\\\/schema\\\/person\\\/f66667af3e5a3a88ff53de0c85c4b3e8\",\"name\":\"Ana\u00efs Bruno\",\"image\":{\"@type\":\"ImageObject\",\"inLanguage\":\"es\",\"@id\":\"https:\\\/\\\/secure.gravatar.com\\\/avatar\\\/3c10d768fae5c80827105b2454b4ff022bf930e3469b9a935e9b22d30760ed5c?s=96&d=mm&r=g\",\"url\":\"https:\\\/\\\/secure.gravatar.com\\\/avatar\\\/3c10d768fae5c80827105b2454b4ff022bf930e3469b9a935e9b22d30760ed5c?s=96&d=mm&r=g\",\"contentUrl\":\"https:\\\/\\\/secure.gravatar.com\\\/avatar\\\/3c10d768fae5c80827105b2454b4ff022bf930e3469b9a935e9b22d30760ed5c?s=96&d=mm&r=g\",\"caption\":\"Ana\u00efs Bruno\"}}]}<\/script>\n<!-- \/ Yoast SEO plugin. -->","yoast_head_json":{"title":"Daxium se une a Visiativ, l\u00edder en transformaci\u00f3n digital.","description":"Daxium ha anunciado que se une al Grupo Visiativ. Esto representa una oportunidad para que Daxium acelere su crecimiento en Francia y en el extranjero.","robots":{"index":"index","follow":"follow","max-snippet":"max-snippet:-1","max-image-preview":"max-image-preview:large","max-video-preview":"max-video-preview:-1"},"canonical":"https:\/\/www.daxium.com\/es\/blog\/daxium-rejoint-visiativ-un-groupe-au-coeur-de-la-transformation-numerique\/","og_locale":"es_ES","og_type":"article","og_title":"Daxium se une a Visiativ, l\u00edder en transformaci\u00f3n digital.","og_description":"Daxium ha anunciado que se une al Grupo Visiativ. Esto representa una oportunidad para que Daxium acelere su crecimiento en Francia y en el extranjero.","og_url":"https:\/\/www.daxium.com\/es\/blog\/daxium-rejoint-visiativ-un-groupe-au-coeur-de-la-transformation-numerique\/","og_site_name":"Daxium","article_published_time":"2022-08-11T12:00:06+00:00","article_modified_time":"2024-06-18T09:49:58+00:00","og_image":[{"width":800,"height":510,"url":"https:\/\/www.daxium.com\/wp-content\/uploads\/2023\/02\/Daxium-rejoint-visiativ-1-e1676038303339.jpg","type":"image\/jpeg"}],"author":"Ana\u00efs Bruno","twitter_card":"summary_large_image","twitter_misc":{"Escrito por":"Ana\u00efs Bruno","Tiempo de lectura":"4 minutos"},"schema":{"@context":"https:\/\/schema.org","@graph":[{"@type":"Article","@id":"https:\/\/www.daxium.com\/es\/blog\/daxium-rejoint-visiativ-un-groupe-au-coeur-de-la-transformation-numerique\/#article","isPartOf":{"@id":"https:\/\/www.daxium.com\/es\/blog\/daxium-rejoint-visiativ-un-groupe-au-coeur-de-la-transformation-numerique\/"},"author":{"name":"Ana\u00efs Bruno","@id":"https:\/\/www.daxium.com\/es\/#\/schema\/person\/f66667af3e5a3a88ff53de0c85c4b3e8"},"headline":"Daxium se une a la din\u00e1mica Visiativ. Un grupo en el centro de la transformaci\u00f3n digital de las empresas.","datePublished":"2022-08-11T12:00:06+00:00","dateModified":"2024-06-18T09:49:58+00:00","mainEntityOfPage":{"@id":"https:\/\/www.daxium.com\/es\/blog\/daxium-rejoint-visiativ-un-groupe-au-coeur-de-la-transformation-numerique\/"},"wordCount":808,"image":{"@id":"https:\/\/www.daxium.com\/es\/blog\/daxium-rejoint-visiativ-un-groupe-au-coeur-de-la-transformation-numerique\/#primaryimage"},"thumbnailUrl":"https:\/\/www.daxium.com\/wp-content\/uploads\/2023\/02\/Daxium-rejoint-visiativ-1-e1676038303339.jpg","articleSection":["Actualit\u00e9s"],"inLanguage":"es"},{"@type":"WebPage","@id":"https:\/\/www.daxium.com\/es\/blog\/daxium-rejoint-visiativ-un-groupe-au-coeur-de-la-transformation-numerique\/","url":"https:\/\/www.daxium.com\/es\/blog\/daxium-rejoint-visiativ-un-groupe-au-coeur-de-la-transformation-numerique\/","name":"Daxium se une a Visiativ, l\u00edder en transformaci\u00f3n digital.","isPartOf":{"@id":"https:\/\/www.daxium.com\/es\/#website"},"primaryImageOfPage":{"@id":"https:\/\/www.daxium.com\/es\/blog\/daxium-rejoint-visiativ-un-groupe-au-coeur-de-la-transformation-numerique\/#primaryimage"},"image":{"@id":"https:\/\/www.daxium.com\/es\/blog\/daxium-rejoint-visiativ-un-groupe-au-coeur-de-la-transformation-numerique\/#primaryimage"},"thumbnailUrl":"https:\/\/www.daxium.com\/wp-content\/uploads\/2023\/02\/Daxium-rejoint-visiativ-1-e1676038303339.jpg","datePublished":"2022-08-11T12:00:06+00:00","dateModified":"2024-06-18T09:49:58+00:00","author":{"@id":"https:\/\/www.daxium.com\/es\/#\/schema\/person\/f66667af3e5a3a88ff53de0c85c4b3e8"},"description":"Daxium ha anunciado que se une al Grupo Visiativ. Esto representa una oportunidad para que Daxium acelere su crecimiento en Francia y en el extranjero.","breadcrumb":{"@id":"https:\/\/www.daxium.com\/es\/blog\/daxium-rejoint-visiativ-un-groupe-au-coeur-de-la-transformation-numerique\/#breadcrumb"},"inLanguage":"es","potentialAction":[{"@type":"ReadAction","target":["https:\/\/www.daxium.com\/es\/blog\/daxium-rejoint-visiativ-un-groupe-au-coeur-de-la-transformation-numerique\/"]}]},{"@type":"ImageObject","inLanguage":"es","@id":"https:\/\/www.daxium.com\/es\/blog\/daxium-rejoint-visiativ-un-groupe-au-coeur-de-la-transformation-numerique\/#primaryimage","url":"https:\/\/www.daxium.com\/wp-content\/uploads\/2023\/02\/Daxium-rejoint-visiativ-1-e1676038303339.jpg","contentUrl":"https:\/\/www.daxium.com\/wp-content\/uploads\/2023\/02\/Daxium-rejoint-visiativ-1-e1676038303339.jpg","width":800,"height":510},{"@type":"BreadcrumbList","@id":"https:\/\/www.daxium.com\/es\/blog\/daxium-rejoint-visiativ-un-groupe-au-coeur-de-la-transformation-numerique\/#breadcrumb","itemListElement":[{"@type":"ListItem","position":1,"name":"Accueil","item":"https:\/\/www.daxium.com\/es\/"},{"@type":"ListItem","position":2,"name":"Daxium se une a la din\u00e1mica Visiativ. Un grupo en el centro de la transformaci\u00f3n digital de las empresas."}]},{"@type":"WebSite","@id":"https:\/\/www.daxium.com\/es\/#website","url":"https:\/\/www.daxium.com\/es\/","name":"Daxium","description":"","potentialAction":[{"@type":"SearchAction","target":{"@type":"EntryPoint","urlTemplate":"https:\/\/www.daxium.com\/es\/?s={search_term_string}"},"query-input":{"@type":"PropertyValueSpecification","valueRequired":true,"valueName":"search_term_string"}}],"inLanguage":"es"},{"@type":"Person","@id":"https:\/\/www.daxium.com\/es\/#\/schema\/person\/f66667af3e5a3a88ff53de0c85c4b3e8","name":"Ana\u00efs Bruno","image":{"@type":"ImageObject","inLanguage":"es","@id":"https:\/\/secure.gravatar.com\/avatar\/3c10d768fae5c80827105b2454b4ff022bf930e3469b9a935e9b22d30760ed5c?s=96&d=mm&r=g","url":"https:\/\/secure.gravatar.com\/avatar\/3c10d768fae5c80827105b2454b4ff022bf930e3469b9a935e9b22d30760ed5c?s=96&d=mm&r=g","contentUrl":"https:\/\/secure.gravatar.com\/avatar\/3c10d768fae5c80827105b2454b4ff022bf930e3469b9a935e9b22d30760ed5c?s=96&d=mm&r=g","caption":"Ana\u00efs Bruno"}}]}},"_links":{"self":[{"href":"https:\/\/www.daxium.com\/es\/wp-json\/wp\/v2\/posts\/15693","targetHints":{"allow":["GET"]}}],"collection":[{"href":"https:\/\/www.daxium.com\/es\/wp-json\/wp\/v2\/posts"}],"about":[{"href":"https:\/\/www.daxium.com\/es\/wp-json\/wp\/v2\/types\/post"}],"author":[{"embeddable":true,"href":"https:\/\/www.daxium.com\/es\/wp-json\/wp\/v2\/users\/4"}],"replies":[{"embeddable":true,"href":"https:\/\/www.daxium.com\/es\/wp-json\/wp\/v2\/comments?post=15693"}],"version-history":[{"count":4,"href":"https:\/\/www.daxium.com\/es\/wp-json\/wp\/v2\/posts\/15693\/revisions"}],"predecessor-version":[{"id":15850,"href":"https:\/\/www.daxium.com\/es\/wp-json\/wp\/v2\/posts\/15693\/revisions\/15850"}],"wp:featuredmedia":[{"embeddable":true,"href":"https:\/\/www.daxium.com\/es\/wp-json\/wp\/v2\/media\/8990"}],"wp:attachment":[{"href":"https:\/\/www.daxium.com\/es\/wp-json\/wp\/v2\/media?parent=15693"}],"wp:term":[{"taxonomy":"category","embeddable":true,"href":"https:\/\/www.daxium.com\/es\/wp-json\/wp\/v2\/categories?post=15693"},{"taxonomy":"post_tag","embeddable":true,"href":"https:\/\/www.daxium.com\/es\/wp-json\/wp\/v2\/tags?post=15693"}],"curies":[{"name":"wp","href":"https:\/\/api.w.org\/{rel}","templated":true}]}}